{"id":2755,"date":"2016-09-26T15:48:29","date_gmt":"2016-09-26T13:48:29","guid":{"rendered":"http:\/\/www.hsg-panther.de\/de\/?p=2755"},"modified":"2016-09-26T15:48:29","modified_gmt":"2016-09-26T13:48:29","slug":"mc2-eigentlicher-saisonauftakt-gegen-hsg-eppsteinmaxdorf-geglueckt-sieg-leider-knapp-verpasst","status":"publish","type":"post","link":"https:\/\/hsg-panther.de\/de\/mc2-eigentlicher-saisonauftakt-gegen-hsg-eppsteinmaxdorf-geglueckt-sieg-leider-knapp-verpasst\/","title":{"rendered":"mC2: Eigentlicher Saisonauftakt gegen HSG Eppstein\/Maxdorf gegl\u00fcckt &#8211; Sieg leider knapp verpasst"},"content":{"rendered":"<div class=\"\" style=\"text-align: justify;\">Nachdem der Auftritt letzte Woche gegen die C2-Eulen eigentlich &#8222;au\u00dfer Konkurrenz&#8220; gewertet werden m\u00fcsste, traf man heute erstmals auf einen Kontrahenten mit normalem Bezirksklassen-Niveau. Gleichwohl man auf Seiten des Gegners beim ein oder anderen Spieler eine gewisse k\u00f6rperliche \u00dcberlegenheit erkennen konnte. Die C2-Panther selbst traten heute in leicht verbesserter Personalst\u00e4rke an, wurden jedoch seitens der D-Jugend mit insgesamt f\u00fcnf Spielern unterst\u00fctzt.<\/div>\n<div class=\"\" style=\"text-align: justify;\"><\/div>\n<div class=\"\" style=\"text-align: justify;\">Mit einem sehr sch\u00f6nen Beginn machte die Barbier-Sieben die negativen Erlebnisse des letzten Wochenendes direkt wieder vergessen. Mit einer sehr gut funktionierenden Abwehr setzte man die HSG Eppstein\/Maxdorf direkt unter Druck. Passwege wurden zugestellt, L\u00fccken geschlossen und daher einige B\u00e4lle erbeutet. Ebenso landete der ein oder andere Ball in den Armen von Erik Schopp. Im zweiten Drittel der ersten Halbzeit wurde die HSG aus Maxdorf st\u00e4rker und konnte sich aber nach der 2:4 F\u00fchrung der Panther nie mit mehr als einem Tor absetzten. Der Halbzeitstand von 15:14 f\u00fcr die Gastgeber war demnach so auch in Ordnung und lie\u00df der Barbier-Truppe aber f\u00fcr die zweite Halbzeit alle M\u00f6glichkeiten offen.<\/div>\n<div class=\"\" style=\"text-align: justify;\"><\/div>\n<div class=\"\" style=\"text-align: justify;\">Nachdem zum Ende der ersten Halbzeit der Faden etwas verloren gegangen war, h\u00e4tte man diesen zum Start des zweiten Durchgangs jedoch wieder in Hand. Die Abwehr stand wieder besser und trieb Eppstein\/Maxdorf in den ein oder anderen Fehler. Im Angriff fanden die Panther einige Male \u00fcber die Au\u00dfenpositionen den Torerfolg, aber auch \u00fcber den Kreis kam man mit Jannik Kabasaj mehrmals zum Abschluss. Auf der rechten Seite konnte sich in der zweiten H\u00e4lfte Moritz Brechtel wiederholt in die Torsch\u00fctzenliste eintragen.<\/div>\n<div class=\"\" style=\"text-align: justify;\"><\/div>\n<div class=\"\" style=\"text-align: justify;\">\u00c4hnlich knapp wie in Durchgang eins ging es weiter, Eppstein\/Maxdorf konnte sich nie wirklich absetzen, Grund war wieder die gute Abwehrleistung der Panther und ein immer st\u00e4rker werdender Erik Schopp, der den ein oder anderen Wurf entsch\u00e4rfte. Die zweite Halbzeit war wirklich sehr spannend, in der Endphase des Spiels waren die C2-Panther sogar mehrmals in F\u00fchrung. Auch wenn David Mahnke in dieser Phase mit einigen seiner neun Treffern gl\u00e4nzte, sollte es dann doch nicht reichen und man konnte die F\u00fchrung leider nicht retten. Das ist am Ende zwar \u00e4rgerlich, soll aber die insgesamt erbrachte Leistung nicht tr\u00fcben. Auf einen solchen Auftritt zu Beginn der Saison hatte man sicher gehofft, zu rechnen war aber nicht unbedingt damit.<\/div>\n<div class=\"\" style=\"text-align: justify;\"><\/div>\n<div class=\"\" style=\"text-align: justify;\">Am 6.10. geht es nun gegen die JSG Mutterstadt\/Ruchheim 2, die aktuell auf dem letzten Tabellenplatz rangiert. Davon sollten man sich aber keineswegs t\u00e4uschen lassen, da deren Gegner aus den ersten beiden Spielen, Edigheim und Friesenheim, die Tabelle mehr als deutlich anf\u00fchren.<\/div>\n<div class=\"\" style=\"text-align: justify;\"><\/div>\n<div class=\"\" style=\"text-align: justify;\">Tore: Paul Betsch (2), David Mahnke (9), Leonhard Rhein (1), Jannik Kabasaj (6), Moritz Brechtel (7), Niko Atanasov (2), Oliver Oschatz (1)<\/div>\n","protected":false},"excerpt":{"rendered":"<p>Nachdem der Auftritt letzte Woche gegen die C2-Eulen eigentlich &#8222;au\u00dfer Konkurrenz&#8220; gewertet werden m\u00fcsste, traf man heute erstmals auf einen Kontrahenten mit normalem Bezirksklassen-Niveau. Gleichwohl man auf Seiten des Gegners beim ein oder anderen Spieler eine gewisse k\u00f6rperliche \u00dcberlegenheit erkennen konnte. Die C2-Panther selbst traten heute in leicht verbesserter Personalst\u00e4rke an, wurden jedoch seitens der [&hellip;]<\/p>\n","protected":false},"author":3,"featured_media":0,"comment_status":"closed","ping_status":"closed","sticky":false,"template":"","format":"standard","meta":{"footnotes":""},"categories":[15],"tags":[],"class_list":["post-2755","post","type-post","status-publish","format-standard","hentry","category-maennliche-c-jugend"],"aioseo_notices":[],"featured_image_src":null,"author_info":{"display_name":"David Kolb","author_link":"https:\/\/hsg-panther.de\/de\/author\/david-kolb\/"},"_links":{"self":[{"href":"https:\/\/hsg-panther.de\/de\/wp-json\/wp\/v2\/posts\/2755","targetHints":{"allow":["GET"]}}],"collection":[{"href":"https:\/\/hsg-panther.de\/de\/wp-json\/wp\/v2\/posts"}],"about":[{"href":"https:\/\/hsg-panther.de\/de\/wp-json\/wp\/v2\/types\/post"}],"author":[{"embeddable":true,"href":"https:\/\/hsg-panther.de\/de\/wp-json\/wp\/v2\/users\/3"}],"replies":[{"embeddable":true,"href":"https:\/\/hsg-panther.de\/de\/wp-json\/wp\/v2\/comments?post=2755"}],"version-history":[{"count":0,"href":"https:\/\/hsg-panther.de\/de\/wp-json\/wp\/v2\/posts\/2755\/revisions"}],"wp:attachment":[{"href":"https:\/\/hsg-panther.de\/de\/wp-json\/wp\/v2\/media?parent=2755"}],"wp:term":[{"taxonomy":"category","embeddable":true,"href":"https:\/\/hsg-panther.de\/de\/wp-json\/wp\/v2\/categories?post=2755"},{"taxonomy":"post_tag","embeddable":true,"href":"https:\/\/hsg-panther.de\/de\/wp-json\/wp\/v2\/tags?post=2755"}],"curies":[{"name":"wp","href":"https:\/\/api.w.org\/{rel}","templated":true}]}}